{"id":758,"date":"2017-07-04T13:13:26","date_gmt":"2017-07-04T12:13:26","guid":{"rendered":"http:\/\/www.bags-creation.fr\/?p=758"},"modified":"2026-01-16T12:53:21","modified_gmt":"2026-01-16T11:53:21","slug":"msc-meraviglia-show-dinauguration","status":"publish","type":"post","link":"https:\/\/www.bags-creation.fr\/index.php\/2017\/07\/04\/msc-meraviglia-show-dinauguration\/","title":{"rendered":"MSC MERAVIGLIA BAPTEME"},"content":{"rendered":"<p>MSC baptise au port du Havre son nouveau paquebot de croisi\u00e8re le MSC Meraviglia.<!--more--><span style=\"font-size: revert;\">Apr\u00e8s le bapt\u00eame de MSC Divina en 2012, Sabri Teka\u00efa accompagne pour la seconde fois Havas Events pour la sc\u00e9nographie et la mise en sc\u00e8ne du show d\u2019inauguration.<\/span><\/p>\n<p>Pr\u00e8s de 2000 invit\u00e9s ont assist\u00e9 \u00e0 la c\u00e9r\u00e9monie conduite par l\u2019acteur et humoriste Gad Elmaleh. Les jeunes chanteurs de Kids United ont ouvert l\u2019\u00e9v\u00e9nement puis un concert de Patrick Bruel cl\u00f4turait le show musical, avant le coup\u00e9 de ruban assur\u00e9 par Sophia Loren, marraine de tous les navires MSC Croisi\u00e8res.<\/p>\n<p>Production&nbsp;: Havas Events<br \/>\nSc\u00e9nographie &amp; mise en sc\u00e8ne : Sabri Teka\u00efa<br \/>\nImages : Olivier Picart &#8211; Havas Events<br \/>\nSon : John &nbsp;&#8211; <a href=\"http:\/\/www.la8note.com\">la 8eme Note<\/a><br \/>\nHabillage sonore&nbsp;: <a href=\"http:\/\/www.start-rec.com\/fr\/\">Start Rec<\/a><br \/>\nLumi\u00e8re :<a href=\"http:\/\/www.samuelboullier.com\"> Samuel Boullier<\/a><br \/>\nTopage : Jean-Beno\u00eet Fournier \u2013 <a href=\"http:\/\/www.conduites-accompagnees.com\">Conduites accompagn\u00e9es<\/a><\/p>\n<div style=\"width: 953px;\" class=\"wp-video\"><!--[if lt IE 9]><script>document.createElement('video');<\/script><![endif]-->\n<video class=\"wp-video-shortcode\" id=\"video-758-1\" width=\"953\" height=\"536\" preload=\"metadata\" controls=\"controls\"><source type=\"video\/mp4\" src=\"https:\/\/www.bags-creation.fr\/wp-content\/uploads\/2017\/09\/MSC-Meraviglia-The-Christening-event-highlights.mp4?_=1\" \/><a href=\"https:\/\/www.bags-creation.fr\/wp-content\/uploads\/2017\/09\/MSC-Meraviglia-The-Christening-event-highlights.mp4\">https:\/\/www.bags-creation.fr\/wp-content\/uploads\/2017\/09\/MSC-Meraviglia-The-Christening-event-highlights.mp4<\/a><\/video><\/div>\n<p><a href=\"https:\/\/www.bags-creation.fr\/index.php\/2017\/09\/04\/msc-meraviglia-show-dinauguration\/20170610121430_m1\/\" rel=\"attachment wp-att-760\"><img decoding=\"async\" loading=\"lazy\" class=\"aligncenter size-full wp-image-760\" src=\"https:\/\/www.bags-creation.fr\/wp-content\/uploads\/2017\/09\/20170610121430_m1.jpg\" alt=\"\" width=\"846\" height=\"564\" srcset=\"https:\/\/www.bags-creation.fr\/wp-content\/uploads\/2017\/09\/20170610121430_m1.jpg 846w, https:\/\/www.bags-creation.fr\/wp-content\/uploads\/2017\/09\/20170610121430_m1-300x200.jpg 300w, https:\/\/www.bags-creation.fr\/wp-content\/uploads\/2017\/09\/20170610121430_m1-768x512.jpg 768w\" sizes=\"(max-width: 846px) 100vw, 846px\" \/><\/a><a href=\"https:\/\/www.bags-creation.fr\/gad_almaleh_and_patrick_bruel_at_the_christening_of_msc_meraviglia\/\"><img decoding=\"async\" loading=\"lazy\" class=\"aligncenter size-full wp-image-762\" src=\"https:\/\/www.bags-creation.fr\/wp-content\/uploads\/2017\/09\/gad_almaleh_and_patrick_bruel_at_the_christening_of_msc_meraviglia.jpg\" alt=\"\" width=\"846\" height=\"565\" srcset=\"https:\/\/www.bags-creation.fr\/wp-content\/uploads\/2017\/09\/gad_almaleh_and_patrick_bruel_at_the_christening_of_msc_meraviglia.jpg 846w, https:\/\/www.bags-creation.fr\/wp-content\/uploads\/2017\/09\/gad_almaleh_and_patrick_bruel_at_the_christening_of_msc_meraviglia-300x200.jpg 300w, https:\/\/www.bags-creation.fr\/wp-content\/uploads\/2017\/09\/gad_almaleh_and_patrick_bruel_at_the_christening_of_msc_meraviglia-768x513.jpg 768w\" sizes=\"(max-width: 846px) 100vw, 846px\" \/><\/a><\/p>\n<p><a href=\"https:\/\/www.bags-creation.fr\/img_0374\/\" rel=\"attachment wp-att-770\"><img decoding=\"async\" loading=\"lazy\" class=\"aligncenter size-large wp-image-770\" src=\"https:\/\/www.bags-creation.fr\/wp-content\/uploads\/2017\/09\/IMG_0374-718x1024.jpg\" alt=\"\" width=\"718\" height=\"1024\" srcset=\"https:\/\/www.bags-creation.fr\/wp-content\/uploads\/2017\/09\/IMG_0374-718x1024.jpg 718w, https:\/\/www.bags-creation.fr\/wp-content\/uploads\/2017\/09\/IMG_0374-210x300.jpg 210w, https:\/\/www.bags-creation.fr\/wp-content\/uploads\/2017\/09\/IMG_0374-768x1095.jpg 768w, https:\/\/www.bags-creation.fr\/wp-content\/uploads\/2017\/09\/IMG_0374.jpg 950w\" sizes=\"(max-width: 718px) 100vw, 718px\" \/><\/a><\/p>\n<p><a href=\"https:\/\/www.bags-creation.fr\/20170610121420_m12\/\"><img decoding=\"async\" loading=\"lazy\" class=\"aligncenter size-full wp-image-768\" src=\"https:\/\/www.bags-creation.fr\/wp-content\/uploads\/2017\/09\/20170610121420_m12.jpg\" alt=\"\" width=\"846\" height=\"575\" srcset=\"https:\/\/www.bags-creation.fr\/wp-content\/uploads\/2017\/09\/20170610121420_m12.jpg 846w, https:\/\/www.bags-creation.fr\/wp-content\/uploads\/2017\/09\/20170610121420_m12-300x204.jpg 300w, https:\/\/www.bags-creation.fr\/wp-content\/uploads\/2017\/09\/20170610121420_m12-768x522.jpg 768w\" sizes=\"(max-width: 846px) 100vw, 846px\" \/><\/a><a href=\"https:\/\/www.bags-creation.fr\/img_0373\/\"><img decoding=\"async\" loading=\"lazy\" class=\"aligncenter size-large wp-image-766\" src=\"https:\/\/www.bags-creation.fr\/wp-content\/uploads\/2017\/09\/IMG_0373-1024x600.jpg\" alt=\"\" width=\"1024\" height=\"600\" srcset=\"https:\/\/www.bags-creation.fr\/wp-content\/uploads\/2017\/09\/IMG_0373.jpg 1024w, https:\/\/www.bags-creation.fr\/wp-content\/uploads\/2017\/09\/IMG_0373-300x176.jpg 300w, https:\/\/www.bags-creation.fr\/wp-content\/uploads\/2017\/09\/IMG_0373-768x450.jpg 768w\" sizes=\"(max-width: 1024px) 100vw, 1024px\" \/><\/a><a href=\"https:\/\/www.bags-creation.fr\/index.php\/2017\/09\/04\/msc-meraviglia-show-dinauguration\/capture-decran-2017-08-29-a-16-40-09\/\" rel=\"attachment wp-att-761\"><img decoding=\"async\" loading=\"lazy\" class=\"aligncenter size-large wp-image-761\" src=\"https:\/\/www.bags-creation.fr\/wp-content\/uploads\/2017\/09\/Capture-d\u2019\u00e9cran-2017-08-29-\u00e0-16.40.09-1024x679.png\" alt=\"\" width=\"1024\" height=\"679\" srcset=\"https:\/\/www.bags-creation.fr\/wp-content\/uploads\/2017\/09\/Capture-d\u2019\u00e9cran-2017-08-29-\u00e0-16.40.09-1024x679.png 1024w, https:\/\/www.bags-creation.fr\/wp-content\/uploads\/2017\/09\/Capture-d\u2019\u00e9cran-2017-08-29-\u00e0-16.40.09-300x199.png 300w, https:\/\/www.bags-creation.fr\/wp-content\/uploads\/2017\/09\/Capture-d\u2019\u00e9cran-2017-08-29-\u00e0-16.40.09-768x509.png 768w, https:\/\/www.bags-creation.fr\/wp-content\/uploads\/2017\/09\/Capture-d\u2019\u00e9cran-2017-08-29-\u00e0-16.40.09.png 1804w\" sizes=\"(max-width: 1024px) 100vw, 1024px\" \/><\/a><a href=\"https:\/\/www.bags-creation.fr\/fireworks_complete_the_christening_of_msc_meraviglia\/\"><img decoding=\"async\" loading=\"lazy\" class=\"aligncenter size-full wp-image-763\" src=\"https:\/\/www.bags-creation.fr\/wp-content\/uploads\/2017\/09\/fireworks_complete_the_christening_of_msc_meraviglia.jpg\" alt=\"\" width=\"846\" height=\"564\" srcset=\"https:\/\/www.bags-creation.fr\/wp-content\/uploads\/2017\/09\/fireworks_complete_the_christening_of_msc_meraviglia.jpg 846w, https:\/\/www.bags-creation.fr\/wp-content\/uploads\/2017\/09\/fireworks_complete_the_christening_of_msc_meraviglia-300x200.jpg 300w, https:\/\/www.bags-creation.fr\/wp-content\/uploads\/2017\/09\/fireworks_complete_the_christening_of_msc_meraviglia-768x512.jpg 768w\" sizes=\"(max-width: 846px) 100vw, 846px\" \/><\/a>\u00a9 MER ET MARINE &#8211; VINCENT GROIZELEAU<\/p>\n<p>\u00a9 MSC CRUISES<\/p>\n","protected":false},"excerpt":{"rendered":"<p>MSC baptise au port du Havre son nouveau paquebot de croisi\u00e8re le MSC [&hellip;]<\/p>\n","protected":false},"author":1,"featured_media":765,"comment_status":"closed","ping_status":"closed","sticky":false,"template":"","format":"standard","meta":[],"categories":[7,8],"tags":[],"_links":{"self":[{"href":"https:\/\/www.bags-creation.fr\/index.php\/wp-json\/wp\/v2\/posts\/758"}],"collection":[{"href":"https:\/\/www.bags-creation.fr\/index.php\/wp-json\/wp\/v2\/posts"}],"about":[{"href":"https:\/\/www.bags-creation.fr\/index.php\/wp-json\/wp\/v2\/types\/post"}],"author":[{"embeddable":true,"href":"https:\/\/www.bags-creation.fr\/index.php\/wp-json\/wp\/v2\/users\/1"}],"replies":[{"embeddable":true,"href":"https:\/\/www.bags-creation.fr\/index.php\/wp-json\/wp\/v2\/comments?post=758"}],"version-history":[{"count":6,"href":"https:\/\/www.bags-creation.fr\/index.php\/wp-json\/wp\/v2\/posts\/758\/revisions"}],"predecessor-version":[{"id":1974,"href":"https:\/\/www.bags-creation.fr\/index.php\/wp-json\/wp\/v2\/posts\/758\/revisions\/1974"}],"wp:featuredmedia":[{"embeddable":true,"href":"https:\/\/www.bags-creation.fr\/index.php\/wp-json\/wp\/v2\/media\/765"}],"wp:attachment":[{"href":"https:\/\/www.bags-creation.fr\/index.php\/wp-json\/wp\/v2\/media?parent=758"}],"wp:term":[{"taxonomy":"category","embeddable":true,"href":"https:\/\/www.bags-creation.fr\/index.php\/wp-json\/wp\/v2\/categories?post=758"},{"taxonomy":"post_tag","embeddable":true,"href":"https:\/\/www.bags-creation.fr\/index.php\/wp-json\/wp\/v2\/tags?post=758"}],"curies":[{"name":"wp","href":"https:\/\/api.w.org\/{rel}","templated":true}]}}